{"id":158,"date":"2014-04-14T09:21:57","date_gmt":"2014-04-14T09:21:57","guid":{"rendered":"http:\/\/iedu.pl\/?p=158"},"modified":"2020-07-02T10:13:09","modified_gmt":"2020-07-02T10:13:09","slug":"zmartwychwatal-pan","status":"publish","type":"post","link":"https:\/\/iedu.pl\/?p=158","title":{"rendered":"Zmartwychwata\u0142 Pan"},"content":{"rendered":"<p>I tym razem moje \u017cyczenia zabrzmi\u0105 s\u0142owami wiersza Ksi\u0119dza Jana Twardowskiego.<\/p>\n<p><strong>Wielkanocny pacierz<\/strong><\/p>\n<p>Nie umiem by\u0107 srebrnym anio\u0142em &#8211;<br \/>\nni gorej\u0105cym krzakiem &#8211;<br \/>\nTyle Zmartwychwsta\u0144 ju\u017c przesz\u0142o &#8211;<br \/>\na serce mam bylejakie.<\/p>\n<p>Tyle procesji z dzwonami &#8211;<br \/>\ntyle ju\u017c alleluja &#8211;<br \/>\na moja \u015bwi\u0119to\u015b\u0107 dziurawa<br \/>\nna \u0107wiartce w\u0142oska si\u0119 buja.<\/p>\n<p>Wiatr gra mi na ko\u015bciach mych psalmy &#8211;<br \/>\njak na ko\u015blawej fujarce &#8211;<br \/>\n\u017ceby cho\u0107 papie\u017c spojrza\u0142<br \/>\nna mnie &#8211; przez bia\u0142e swe palce.<\/p>\n<p>\u017beby cho\u0107 Matka Boska<br \/>\nprzez chmur zabite wci\u0105\u017c deski &#8211;<br \/>\nu\u015bmiech mi Sw\u00f3j zes\u0142a\u0142a<br \/>\njak ptaszka we mgle niebieskiej.<\/p>\n<p>I wiem, gdy \u0142ze swoj\u0105 trzymam<br \/>\njak z\u0142oty kamyk z procy &#8211;<br \/>\nzrozumie mnie ma\u0142y Baranek<br \/>\nz najcichszej Wielkiej Nocy.<\/p>\n<p>Pyszczek po\u0142o\u017cy na r\u0119ku &#8211;<br \/>\nsumienia wywr\u00f3ci podszewk\u0119 &#8211;<br \/>\nSerca mojego ocali<br \/>\nczerwon\u0105 chor\u0105giewk\u0119.<\/p>\n","protected":false},"excerpt":{"rendered":"<p>I tym razem moje \u017cyczenia zabrzmi\u0105 s\u0142owami wiersza Ksi\u0119dza Jana Twardowskiego. Wielkanocny pacierz Nie umiem by\u0107 srebrnym anio\u0142em &#8211; ni gorej\u0105cym krzakiem &#8211; Tyle Zmartwychwsta\u0144 ju\u017c przesz\u0142o &#8211; a serce mam bylejakie. Tyle procesji z dzwonami &#8211; tyle ju\u017c alleluja &#8211; a moja \u015bwi\u0119to\u015b\u0107 dziurawa na \u0107wiartce w\u0142oska si\u0119 buja. Wiatr gra mi na ko\u015bciach &hellip; <\/p>\n<p class=\"link-more\"><a href=\"https:\/\/iedu.pl\/?p=158\" class=\"more-link\">Czytaj dalej<span class=\"screen-reader-text\"> \u201eZmartwychwata\u0142 Pan\u201d<\/span><\/a><\/p>\n","protected":false},"author":1,"featured_media":0,"comment_status":"open","ping_status":"open","sticky":false,"template":"","format":"standard","meta":{"footnotes":""},"categories":[1],"tags":[],"class_list":["post-158","post","type-post","status-publish","format-standard","hentry","category-bez-kategorii"],"_links":{"self":[{"href":"https:\/\/iedu.pl\/index.php?rest_route=\/wp\/v2\/posts\/158"}],"collection":[{"href":"https:\/\/iedu.pl\/index.php?rest_route=\/wp\/v2\/posts"}],"about":[{"href":"https:\/\/iedu.pl\/index.php?rest_route=\/wp\/v2\/types\/post"}],"author":[{"embeddable":true,"href":"https:\/\/iedu.pl\/index.php?rest_route=\/wp\/v2\/users\/1"}],"replies":[{"embeddable":true,"href":"https:\/\/iedu.pl\/index.php?rest_route=%2Fwp%2Fv2%2Fcomments&post=158"}],"version-history":[{"count":3,"href":"https:\/\/iedu.pl\/index.php?rest_route=\/wp\/v2\/posts\/158\/revisions"}],"predecessor-version":[{"id":229,"href":"https:\/\/iedu.pl\/index.php?rest_route=\/wp\/v2\/posts\/158\/revisions\/229"}],"wp:attachment":[{"href":"https:\/\/iedu.pl\/index.php?rest_route=%2Fwp%2Fv2%2Fmedia&parent=158"}],"wp:term":[{"taxonomy":"category","embeddable":true,"href":"https:\/\/iedu.pl\/index.php?rest_route=%2Fwp%2Fv2%2Fcategories&post=158"},{"taxonomy":"post_tag","embeddable":true,"href":"https:\/\/iedu.pl\/index.php?rest_route=%2Fwp%2Fv2%2Ftags&post=158"}],"curies":[{"name":"wp","href":"https:\/\/api.w.org\/{rel}","templated":true}]}}